{"id":10240,"date":"2023-06-01T08:38:39","date_gmt":"2023-06-01T08:38:39","guid":{"rendered":"https:\/\/optiwork.ch\/cambiamento-in-optiwork-ag-nuova-gestione-per-modernizzazione-ed-espansione\/"},"modified":"2023-07-26T08:33:18","modified_gmt":"2023-07-26T08:33:18","slug":"cambiamento-in-optiwork-ag-nuova-gestione-per-modernizzazione-ed-espansione","status":"publish","type":"post","link":"https:\/\/optiwork.ch\/it\/cambiamento-in-optiwork-ag-nuova-gestione-per-modernizzazione-ed-espansione\/","title":{"rendered":"Cambiamento in Optiwork AG &#8211; Nuova gestione per modernizzazione ed espansione"},"content":{"rendered":"<p>[et_pb_section fb_built=&#8221;1&#8243; _builder_version=&#8221;4.14.7&#8243; _module_preset=&#8221;default&#8221; da_disable_devices=&#8221;off|off|off&#8221; global_colors_info=&#8221;{}&#8221; da_is_popup=&#8221;off&#8221; da_exit_intent=&#8221;off&#8221; da_has_close=&#8221;on&#8221; da_alt_close=&#8221;off&#8221; da_dark_close=&#8221;off&#8221; da_not_modal=&#8221;on&#8221; da_is_singular=&#8221;off&#8221; da_with_loader=&#8221;off&#8221; da_has_shadow=&#8221;on&#8221;][et_pb_row _builder_version=&#8221;4.14.7&#8243; _module_preset=&#8221;default&#8221; global_colors_info=&#8221;{}&#8221;][et_pb_column type=&#8221;4_4&#8243; _builder_version=&#8221;4.14.7&#8243; _module_preset=&#8221;default&#8221; global_colors_info=&#8221;{}&#8221;][et_pb_text quote_border_color=&#8221;#002D5A&#8221; _builder_version=&#8221;4.14.7&#8243; _module_preset=&#8221;default&#8221; quote_text_color=&#8221;RGBA(0,0,0,0.86)&#8221; header_4_text_color=&#8221;#002D5A&#8221; global_colors_info=&#8221;{}&#8221;]<\/p>\n<h4>Optiwork AG, nota come specialista ERP per l&#8217;industria delle costruzioni, sta investendo nell&#8217;ulteriore sviluppo e modernizzazione delle sue soluzioni esistenti e nell&#8217;espansione del suo mercato in Svizzera.<\/h4>\n<blockquote>\n<p><em>\u00a0\u201ePer raggiungere questi obiettivi, non investiamo solo nel nostro software, ma anche nei nostri dipendenti. Siamo quindi lieti di aver assunto Ralph Schmid come nuovo amministratore delegato e direttore operativo (COO) di Optiwork AG. Con il sig. Schmid abbiamo trovato un esperto a tutto tondo nel mercato ERP che apporter\u00e0 la sua esperienza e la sua personalit\u00e0 alla nostra attivit\u00e0\u201c<\/em>, afferma Peter Dixen, Presidente del Consiglio di Amministrazione (VRP) di Optiwork AG.<\/p>\n<\/blockquote>\n<p><span style=\"color: #002d5a;\"><strong>Ralph Schmid parla della sua nuova funzione: <\/strong><\/span><\/p>\n<blockquote>\n<p><em>&#8220;Non vedo l&#8217;ora di svolgere i miei nuovi compiti in Optiwork. Perch\u00e9 qui ho trovato un&#8217;azienda che da circa 40 anni si occupa di edilizia e offre soluzioni specializzate per questo mercato. Un&#8217;azienda in cui i dipendenti di lunga data e quelli pi\u00f9 giovani si identificano con i sistemi, con l&#8217;azienda e con voi clienti. Inoltre, Optiwork \u00e8 sostenuta da un gruppo di aziende finanziariamente forte che ci permette di investire nei nostri prodotti. Insieme al team di Optiwork, vorrei concentrarmi costantemente sulla modernizzazione delle nostre soluzioni software e sul miglioramento dei nostri servizi, per continuare a essere un partner affidabile e innovativo per i nostri clienti.\u201c<\/em><\/p>\n<\/blockquote>\n<p>[\/et_pb_text][\/et_pb_column][\/et_pb_row][et_pb_row _builder_version=&#8221;4.14.7&#8243; _module_preset=&#8221;default&#8221; custom_padding=&#8221;45px|||||&#8221; locked=&#8221;off&#8221; global_colors_info=&#8221;{}&#8221;][et_pb_column type=&#8221;4_4&#8243; _builder_version=&#8221;4.14.7&#8243; _module_preset=&#8221;default&#8221; global_colors_info=&#8221;{}&#8221;][et_pb_divider _builder_version=&#8221;4.14.7&#8243; _module_preset=&#8221;default&#8221; custom_margin=&#8221;||6px|||&#8221; locked=&#8221;off&#8221; global_colors_info=&#8221;{}&#8221;][\/et_pb_divider][et_pb_text _builder_version=&#8221;4.14.7&#8243; _module_preset=&#8221;default&#8221; global_colors_info=&#8221;{}&#8221;]<\/p>\n<p><a href=\"https:\/\/optiwork.ch\/it\/notizia\/\">&lt;&lt; RITORNO<\/a><\/p>\n<p>[\/et_pb_text][\/et_pb_column][\/et_pb_row][\/et_pb_section]<\/p>\n","protected":false},"excerpt":{"rendered":"<p>Optiwork AG, nota come specialista ERP per &#8230;<\/p>\n","protected":false},"author":8,"featured_media":9960,"comment_status":"closed","ping_status":"closed","sticky":false,"template":"","format":"standard","meta":{"_et_pb_use_builder":"on","_et_pb_old_content":"","_et_gb_content_width":"","footnotes":""},"categories":[28],"tags":[85],"class_list":["post-10240","post","type-post","status-publish","format-standard","has-post-thumbnail","hentry","category-optiwork","tag-cambiamento-in-optiwork-ag-nuova-gestione-per-modernizzazione-ed-espansione"],"_links":{"self":[{"href":"https:\/\/optiwork.ch\/it\/wp-json\/wp\/v2\/posts\/10240","targetHints":{"allow":["GET"]}}],"collection":[{"href":"https:\/\/optiwork.ch\/it\/wp-json\/wp\/v2\/posts"}],"about":[{"href":"https:\/\/optiwork.ch\/it\/wp-json\/wp\/v2\/types\/post"}],"author":[{"embeddable":true,"href":"https:\/\/optiwork.ch\/it\/wp-json\/wp\/v2\/users\/8"}],"replies":[{"embeddable":true,"href":"https:\/\/optiwork.ch\/it\/wp-json\/wp\/v2\/comments?post=10240"}],"version-history":[{"count":0,"href":"https:\/\/optiwork.ch\/it\/wp-json\/wp\/v2\/posts\/10240\/revisions"}],"wp:featuredmedia":[{"embeddable":true,"href":"https:\/\/optiwork.ch\/it\/wp-json\/wp\/v2\/media\/9960"}],"wp:attachment":[{"href":"https:\/\/optiwork.ch\/it\/wp-json\/wp\/v2\/media?parent=10240"}],"wp:term":[{"taxonomy":"category","embeddable":true,"href":"https:\/\/optiwork.ch\/it\/wp-json\/wp\/v2\/categories?post=10240"},{"taxonomy":"post_tag","embeddable":true,"href":"https:\/\/optiwork.ch\/it\/wp-json\/wp\/v2\/tags?post=10240"}],"curies":[{"name":"wp","href":"https:\/\/api.w.org\/{rel}","templated":true}]}}