{"id":8648,"date":"2023-01-13T14:32:56","date_gmt":"2023-01-13T14:32:56","guid":{"rendered":"https:\/\/optiwork.ch\/?p=8648"},"modified":"2023-07-26T08:31:05","modified_gmt":"2023-07-26T08:31:05","slug":"nous-vous-invitons-a-nous-rendre-visite-au-salon-appli-tech-de-lucerne","status":"publish","type":"post","link":"https:\/\/optiwork.ch\/fr\/nous-vous-invitons-a-nous-rendre-visite-au-salon-appli-tech-de-lucerne\/","title":{"rendered":"Nous vous invitons \u00e0 nous rendre visite au salon appli-tech de Lucerne"},"content":{"rendered":"<p>[et_pb_section fb_built=\u00a0\u00bb1&Prime; admin_label=\u00a0\u00bbsection\u00a0\u00bb _builder_version=\u00a0\u00bb3.22&Prime; da_disable_devices=\u00a0\u00bboff|off|off\u00a0\u00bb global_colors_info=\u00a0\u00bb{}\u00a0\u00bb da_is_popup=\u00a0\u00bboff\u00a0\u00bb da_exit_intent=\u00a0\u00bboff\u00a0\u00bb da_has_close=\u00a0\u00bbon\u00a0\u00bb da_alt_close=\u00a0\u00bboff\u00a0\u00bb da_dark_close=\u00a0\u00bboff\u00a0\u00bb da_not_modal=\u00a0\u00bbon\u00a0\u00bb da_is_singular=\u00a0\u00bboff\u00a0\u00bb da_with_loader=\u00a0\u00bboff\u00a0\u00bb da_has_shadow=\u00a0\u00bbon\u00a0\u00bb][et_pb_row admin_label=\u00a0\u00bbrow\u00a0\u00bb _builder_version=\u00a0\u00bb3.25&Prime; background_size=\u00a0\u00bbinitial\u00a0\u00bb background_position=\u00a0\u00bbtop_left\u00a0\u00bb background_repeat=\u00a0\u00bbrepeat\u00a0\u00bb global_colors_info=\u00a0\u00bb{}\u00a0\u00bb][et_pb_column type=\u00a0\u00bb4_4&Prime; _builder_version=\u00a0\u00bb3.25&Prime; custom_padding=\u00a0\u00bb|||\u00a0\u00bb global_colors_info=\u00a0\u00bb{}\u00a0\u00bb custom_padding__hover=\u00a0\u00bb|||\u00a0\u00bb][et_pb_text admin_label=\u00a0\u00bbText\u00a0\u00bb _builder_version=\u00a0\u00bb4.14.7&Prime; background_size=\u00a0\u00bbinitial\u00a0\u00bb background_position=\u00a0\u00bbtop_left\u00a0\u00bb background_repeat=\u00a0\u00bbrepeat\u00a0\u00bb custom_padding=\u00a0\u00bb||1px|||\u00a0\u00bb global_colors_info=\u00a0\u00bb{}\u00a0\u00bb]<\/p>\n<p>Nous vous invitons \u00e0 nous rendre visite au salon appli-tech de Lucerne du 8 au 10 f\u00e9vrier 2023. Vous trouverez le stand Optiwork dans la halle 2, stand 203b.<\/p>\n<p>appli-tech est le salon professionnel de la peinture, de la pl\u00e2trerie, de la construction \u00e0 sec et de l&rsquo;isolation. D\u00e9couvrez des articles passionnants et toutes les nouveaut\u00e9s du secteur.<\/p>\n<p>Nous nous r\u00e9jouissons de vous y rencontrer !<\/p>\n<p><span style=\"color: #002d5a;\"><a href=\"https:\/\/www.appli-tech.ch\/de\/aussteller\" target=\"_blank\" rel=\"noopener\" style=\"color: #002d5a;\"><strong>\u00bb vers le site appli-tech<\/strong><\/a><\/span><\/p>\n<p>[\/et_pb_text][\/et_pb_column][\/et_pb_row][et_pb_row _builder_version=\u00a0\u00bb4.14.7&Prime; _module_preset=\u00a0\u00bbdefault\u00a0\u00bb custom_padding=\u00a0\u00bb45px|||||\u00a0\u00bb locked=\u00a0\u00bboff\u00a0\u00bb global_colors_info=\u00a0\u00bb{}\u00a0\u00bb][et_pb_column type=\u00a0\u00bb4_4&Prime; _builder_version=\u00a0\u00bb4.14.7&Prime; _module_preset=\u00a0\u00bbdefault\u00a0\u00bb global_colors_info=\u00a0\u00bb{}\u00a0\u00bb][et_pb_divider _builder_version=\u00a0\u00bb4.14.7&Prime; _module_preset=\u00a0\u00bbdefault\u00a0\u00bb custom_margin=\u00a0\u00bb||6px|||\u00a0\u00bb locked=\u00a0\u00bboff\u00a0\u00bb global_colors_info=\u00a0\u00bb{}\u00a0\u00bb][\/et_pb_divider][et_pb_text _builder_version=\u00a0\u00bb4.14.7&Prime; _module_preset=\u00a0\u00bbdefault\u00a0\u00bb hover_enabled=\u00a0\u00bb0&Prime; global_colors_info=\u00a0\u00bb{}\u00a0\u00bb sticky_enabled=\u00a0\u00bb0&Prime;]<a href=\"https:\/\/optiwork.ch\/fr\/nouvelles\/\">&lt;&lt; RETOUR<\/a>[\/et_pb_text][\/et_pb_column][\/et_pb_row][\/et_pb_section]<\/p>\n","protected":false},"excerpt":{"rendered":"<p>Nous travaillons avec succ\u00e8s depuis plus de 15 ans en partenariat avec la soci\u00e9t\u00e9 &#8230;<\/p>\n","protected":false},"author":8,"featured_media":8789,"comment_status":"closed","ping_status":"closed","sticky":false,"template":"","format":"standard","meta":{"_et_pb_use_builder":"on","_et_pb_old_content":"Nous travaillons avec succ\u00e8s depuis plus de 15 ans en partenariat avec la soci\u00e9t\u00e9 syfex ag, qui est sp\u00e9cialis\u00e9e dans le d\u00e9veloppement de solutions mobiles. De cette collaboration sont n\u00e9es les solutions mobiles de saisie des heures, de saisie des rapports de d\u00e9pannage et tout r\u00e9cemment de saisie des rapports de r\u00e9gie sur les chantiers.\r\n\r\nNous sommes tr\u00e8s heureux de pouvoir vous annoncer aujourd'hui que notre soci\u00e9t\u00e9 m\u00e8re, FOG Software Group, a repris syfex ag dans son giron afin d'am\u00e9liorer encore notre collaboration.\r\n\r\nEn tant que client, vous allez aussi pouvoir profiter de cette reprise ! En effet :\r\n<ul>\r\n \t<li>Pour le support des solutions DOMUS mobile, au m\u00eame titre que pour DOMUS, vous n'aurez, dans un futur proche, plus qu'un seul interlocuteur chez Optiwork SA. Ceci nous permettra d'unifier et d'optimiser le support dont vous b\u00e9n\u00e9ficiez.<\/li>\r\n<\/ul>\r\n<ul>\r\n \t<li>Nous pourrons mieux unir nos forces et augmenter ainsi nos capacit\u00e9s de d\u00e9veloppement. De ce fait, nous pourrons proposer plus rapidement des innovations et des am\u00e9liorations dans les domaines des solutions mobiles pour la saisie des heures ainsi que pour le traitement des rapports de d\u00e9pannage et des rapports de r\u00e9gie.<\/li>\r\n<\/ul>\r\nNous nous r\u00e9jouissons beaucoup que syfex ag fasse d\u00e9sormais partie de FOG Software Group. Gr\u00e2ce aux connaissances et aux exp\u00e9riences de syfex ag nous allons pouvoir accro\u00eetre de mani\u00e8re significative nos d\u00e9veloppements et \u00e9toffer notre palette logicielle. Tout cela dans le but de pouvoir proposer \u00e0 l'ensemble de nos clients de meilleures solutions et prestations, et de pouvoir vous accompagner plus efficacement sur le chemin de votre digitalisation.","_et_gb_content_width":"","footnotes":""},"categories":[],"tags":[92,56],"class_list":["post-8648","post","type-post","status-publish","format-standard","has-post-thumbnail","hentry","tag-appli-tech-de-lucerne","tag-optiwork-fr"],"_links":{"self":[{"href":"https:\/\/optiwork.ch\/fr\/wp-json\/wp\/v2\/posts\/8648","targetHints":{"allow":["GET"]}}],"collection":[{"href":"https:\/\/optiwork.ch\/fr\/wp-json\/wp\/v2\/posts"}],"about":[{"href":"https:\/\/optiwork.ch\/fr\/wp-json\/wp\/v2\/types\/post"}],"author":[{"embeddable":true,"href":"https:\/\/optiwork.ch\/fr\/wp-json\/wp\/v2\/users\/8"}],"replies":[{"embeddable":true,"href":"https:\/\/optiwork.ch\/fr\/wp-json\/wp\/v2\/comments?post=8648"}],"version-history":[{"count":0,"href":"https:\/\/optiwork.ch\/fr\/wp-json\/wp\/v2\/posts\/8648\/revisions"}],"wp:featuredmedia":[{"embeddable":true,"href":"https:\/\/optiwork.ch\/fr\/wp-json\/wp\/v2\/media\/8789"}],"wp:attachment":[{"href":"https:\/\/optiwork.ch\/fr\/wp-json\/wp\/v2\/media?parent=8648"}],"wp:term":[{"taxonomy":"category","embeddable":true,"href":"https:\/\/optiwork.ch\/fr\/wp-json\/wp\/v2\/categories?post=8648"},{"taxonomy":"post_tag","embeddable":true,"href":"https:\/\/optiwork.ch\/fr\/wp-json\/wp\/v2\/tags?post=8648"}],"curies":[{"name":"wp","href":"https:\/\/api.w.org\/{rel}","templated":true}]}}